{"id":6837,"date":"2024-04-20T20:54:38","date_gmt":"2024-04-20T20:54:38","guid":{"rendered":"https:\/\/www.wieden.com\/uncategorized\/we-dont-need-potential\/"},"modified":"2025-05-15T16:13:52","modified_gmt":"2025-05-15T16:13:52","slug":"we-dont-need-potential","status":"publish","type":"post","link":"https:\/\/www.wieden.com\/en\/what-moves-me\/we-dont-need-potential\/","title":{"rendered":"We don&#8217;t need potential &#8230;"},"content":{"rendered":"<span class=\"span-reading-time rt-reading-time\" style=\"display: block;\"><span class=\"rt-label rt-prefix\">Lesedauer<\/span> <span class=\"rt-time\"> 2<\/span> <span class=\"rt-label rt-postfix\">Minuten<\/span><\/span>\t\t<div data-elementor-type=\"wp-post\" data-elementor-id=\"6837\" class=\"elementor elementor-6837 elementor-6688\">\n\t\t\t\t<div class=\"elementor-element elementor-element-ecf9cb2 e-flex e-con-boxed e-con e-parent\" data-id=\"ecf9cb2\" data-element_type=\"container\" data-e-type=\"container\">\n\t\t\t\t\t<div class=\"e-con-inner\">\n\t\t\t\t<div class=\"elementor-element elementor-element-ed7c141 elementor-widget elementor-widget-image\" data-id=\"ed7c141\" data-element_type=\"widget\" data-e-type=\"widget\" data-widget_type=\"image.default\">\n\t\t\t\t<div class=\"elementor-widget-container\">\n\t\t\t\t\t\t\t\t\t\t\t\t\t\t\t<img fetchpriority=\"high\" decoding=\"async\" width=\"790\" height=\"445\" src=\"https:\/\/www.wieden.com\/wieden\/wp-content\/uploads\/2024\/04\/Potenziale.webp\" class=\"attachment-large size-large wp-image-6706\" alt=\"Potenziale\" srcset=\"https:\/\/www.wieden.com\/wieden\/wp-content\/uploads\/2024\/04\/Potenziale.webp 1000w, https:\/\/www.wieden.com\/wieden\/wp-content\/uploads\/2024\/04\/Potenziale-300x169.webp 300w, https:\/\/www.wieden.com\/wieden\/wp-content\/uploads\/2024\/04\/Potenziale-768x432.webp 768w\" sizes=\"(max-width: 790px) 100vw, 790px\" \/>\t\t\t\t\t\t\t\t\t\t\t\t\t\t\t<\/div>\n\t\t\t\t<\/div>\n\t\t\t\t\t<\/div>\n\t\t\t\t<\/div>\n\t\t\t\t<section class=\"elementor-section elementor-top-section elementor-element elementor-element-3285de81 elementor-section-boxed elementor-section-height-default elementor-section-height-default\" data-id=\"3285de81\" data-element_type=\"section\" data-e-type=\"section\">\n\t\t\t\t\t\t<div class=\"elementor-container elementor-column-gap-default\">\n\t\t\t\t\t<div class=\"elementor-column elementor-col-100 elementor-top-column elementor-element elementor-element-2f7b1fab\" data-id=\"2f7b1fab\" data-element_type=\"column\" data-e-type=\"column\">\n\t\t\t<div class=\"elementor-widget-wrap elementor-element-populated\">\n\t\t\t\t\t\t<div class=\"elementor-element elementor-element-3137d197 elementor-widget elementor-widget-text-editor\" data-id=\"3137d197\" data-element_type=\"widget\" data-e-type=\"widget\" data-widget_type=\"text-editor.default\">\n\t\t\t\t<div class=\"elementor-widget-container\">\n\t\t\t\t\t\t\t\t\t<p>In unserer neuen Ausbildung zum <a href=\"https:\/\/immerausgeschlafen.de\/akademie\/chronocoach\/\" target=\"_blank\" rel=\"noopener\">ChronoCoach<\/a> (<a href=\"https:\/\/www.wieden.com\/was-ist-chronobiologie\/\" target=\"_blank\" rel=\"noopener\">Chronobiologie<\/a>, Schlaf etc.) geht es auch um <strong>Potenziale<\/strong> und <strong>Selbstverwirklichung<\/strong>. Ich befasse mich in diesem Zusammenhang gerade intensiv mit der Bed\u00fcrfnishierarchie nach <strong>Maslow<\/strong>.<\/p><p>Kleiner Spoiler: Selbstverwirklichung ist NICHT <strong>das<\/strong> zu werden, was wir werden <strong>wollen<\/strong>, sondern <strong>das<\/strong>, was wir <strong>werden k\u00f6nnten<\/strong>. Maslow hat da \u00fcbrigens so viel mehr gemeint, als was heute in den B\u00fcchern daraus gemacht wurde. Und nein &#8230; die Pyramide ist nicht von ihm. Aber dazu schreibe ich separat noch einmal etwas.<\/p><p>Es geht jetzt um die Frage:<\/p><blockquote><p>&#8220;Was kann unser Selbst werden, wenn wir alle unsere Potenziale nutzen, die wir haben&#8221;.<\/p><\/blockquote><ul><li>Was w\u00e4re, wenn wir das riechen und f\u00fchlen k\u00f6nnten, was Blinde riechen und f\u00fchlen?<\/li><li>Was w\u00e4re, wenn wir unsere F\u00fc\u00dfe alle so n\u00fctzen k\u00f6nnten, wie Menschen ohne Arme es tun?<\/li><li>Was w\u00e4re, wenn wir alle das empfinden k\u00f6nnten, was Hochsensible empfinden?<\/li><li>Was w\u00e4re, wenn wir alle den Entdeckerdrang leben k\u00f6nnten, den Kinder jeden Tag leben?<\/li><li>&#8230;<\/li><\/ul><p>F\u00fcr all das, was ich gerade aufgez\u00e4hlt habe und unfassbar viel mehr, tragen fast alle das Potenzial in sich &#8230; fast jeder k\u00f6nnte es! Aber meistens bleibt es ein Potenzial, das nie nach aussen darf.<\/p><p><strong>Der Grund?<\/strong> Wir glauben, es nicht zu brauchen f\u00fcr das, was wir Leben nennen.<\/p><p>Unser Geist (Fahrgestell) und unser K\u00f6rper (Motor) sind ein Ferrari, den die meisten ein Leben lang nur im Laden probesitzen. Wenn wir nur mal den Motor starten oder gar das Gaspedal durchdr\u00fccken w\u00fcrden, bek\u00e4men wir eine Vorstellung davon, was in uns schlummert. Aber wir begn\u00fcgen uns damit, Filme anzusehen, wie andere einen Ferrari fahren, h\u00e4ngen F\u00e4hnchen zu Hause auf, kaufen uns Modelle, machen dann ab und zu die Augen zu und denken uns: &#8220;Wenn ich doch nur &#8230;!&#8221;.<\/p><p>F\u00fcr alle die keinen Ferrari m\u00f6gen: Ich auch nicht, aber es ist eine Metapher. \ud83d\ude09<\/p><h2>Potenziale und KI<\/h2><p>KI wird das noch befeuern. Noch weniger Potenziale werden sich entwickeln, und das, was wir bisher gekonnt haben, aber jetzt nicht mehr brauchen, wird verk\u00fcmmern wie Muskeln wenn man den ganzen Tag im Bett liegt. Die Natur baut Dinge ab die wir nicht mehr brauchen, ein biologisch \u00f6konomisches Gesetz. Und alle finden es gut, weil &#8230; man spart sich ja auch Zeit.<\/p><p>Aber f\u00fcr was? Was machen wir statt dessen? Was machen wir mit der Zeit die wir sparen seit wir z.B. Computer und Smartphones haben? Was werden wir mit der Zeit machen, wenn wir<\/p><ul><li>keine Texte mehr schreiben (m\u00fcssen),<\/li><li>Bilder machen (m\u00fcssen) oder<\/li><li>nichts mehr programmieren (m\u00fcssen)?<\/li><\/ul><p>Wie wollen wir dann unser Selbst verwirklichen?<\/p><p>Als Spezies Mensch entwickeln wir uns offensichtlich nicht weiter, wir lassen Potenziale die uns per Geburt mitgegeben wurden, &#8220;unn\u00fctz&#8221; werden. Irgendwann wird die Evolution sie abbauen. Was bleibt dann \u00fcbrig?<\/p><p>Das, was diese Frau in diesem Video kann, steckt eigentlich in uns allen drinnen. Klar, wir brauchen es nicht um Leben zu k\u00f6nnen. Aber na und?<\/p><h2>Kinder und Potenziale<\/h2><p>Am meisten erschreckt mich, dass wir unsere Kinder ihrer Potenziale berauben. Um tats\u00e4chlich irgendwann sein Selbst verwirklichen zu k\u00f6nnen, brauchn wir n\u00e4mlich genau diesen Entdeckerdrang unserer Kindheit. Wir brauchen dieses Freude am ergebnisoffenen Experimentieren mit dem K\u00f6rper und dem Geist. Ohne diese F\u00e4higkeit, werden wir immer an den Erwartungshaltungen von Aussen h\u00e4ngenbleiben.<\/p><p>Wir sind alle mit einem gogantischen Rucksack an Potenzialen auf die Welt gekommen, und haben ihn irgendwann noch fast voll irgendwo liegenlassen.<\/p><p>Laut einer Studie aus den 60ern von George Lang, basierend auf einer Erhebung der NASA, haben 98% aller Kinder mit 5 Jahren den Status eines Genies. Im Laufe der Zeit werden es immer weniger. Als Erwachsene sind es nur noch 2%, die die F\u00e4higkeiten . Das sollte uns zu denken geben.<\/p><p>Meine 2 Cents.<\/p>\t\t\t\t\t\t\t\t<\/div>\n\t\t\t\t<\/div>\n\t\t\t\t\t<\/div>\n\t\t<\/div>\n\t\t\t\t\t<\/div>\n\t\t<\/section>\n\t\t\t\t<\/div>\n\t\t","protected":false},"excerpt":{"rendered":"<p>In unserer neuen Ausbildung zum ChronoCoach (Chronobiologie, Schlaf etc.) geht es auch um Potenziale und Selbstverwirklichung. Ich befasse mich in diesem Zusammenhang gerade intensiv mit der Bed\u00fcrfnishierarchie nach Maslow. Kleiner Spoiler: Selbstverwirklichung ist NICHT das zu werden, was wir werden wollen, sondern das, was wir werden k\u00f6nnten. Maslow hat da&hellip; <\/p>\n","protected":false},"author":1,"featured_media":6706,"comment_status":"closed","ping_status":"closed","sticky":false,"template":"","format":"standard","meta":{"_EventAllDay":false,"_EventTimezone":"","_EventStartDate":"","_EventEndDate":"","_EventStartDateUTC":"","_EventEndDateUTC":"","_EventShowMap":false,"_EventShowMapLink":false,"_EventURL":"","_EventCost":"","_EventCostDescription":"","_EventCurrencySymbol":"","_EventCurrencyCode":"","_EventCurrencyPosition":"","_EventDateTimeSeparator":"","_EventTimeRangeSeparator":"","_EventOrganizerID":[],"_EventVenueID":[],"_OrganizerEmail":"","_OrganizerPhone":"","_OrganizerWebsite":"","_VenueAddress":"","_VenueCity":"","_VenueCountry":"","_VenueProvince":"","_VenueState":"","_VenueZip":"","_VenuePhone":"","_VenueURL":"","_VenueStateProvince":"","_VenueLat":"","_VenueLng":"","_VenueShowMap":false,"_VenueShowMapLink":false,"footnotes":""},"categories":[527,437],"tags":[438],"class_list":["post-6837","post","type-post","status-publish","format-standard","has-post-thumbnail","hentry","category-conversations-with-chatgpt","category-what-moves-me","tag-potentials"],"_links":{"self":[{"href":"https:\/\/www.wieden.com\/en\/wp-json\/wp\/v2\/posts\/6837","targetHints":{"allow":["GET"]}}],"collection":[{"href":"https:\/\/www.wieden.com\/en\/wp-json\/wp\/v2\/posts"}],"about":[{"href":"https:\/\/www.wieden.com\/en\/wp-json\/wp\/v2\/types\/post"}],"author":[{"embeddable":true,"href":"https:\/\/www.wieden.com\/en\/wp-json\/wp\/v2\/users\/1"}],"replies":[{"embeddable":true,"href":"https:\/\/www.wieden.com\/en\/wp-json\/wp\/v2\/comments?post=6837"}],"version-history":[{"count":13,"href":"https:\/\/www.wieden.com\/en\/wp-json\/wp\/v2\/posts\/6837\/revisions"}],"predecessor-version":[{"id":10846,"href":"https:\/\/www.wieden.com\/en\/wp-json\/wp\/v2\/posts\/6837\/revisions\/10846"}],"wp:featuredmedia":[{"embeddable":true,"href":"https:\/\/www.wieden.com\/en\/wp-json\/wp\/v2\/media\/6706"}],"wp:attachment":[{"href":"https:\/\/www.wieden.com\/en\/wp-json\/wp\/v2\/media?parent=6837"}],"wp:term":[{"taxonomy":"category","embeddable":true,"href":"https:\/\/www.wieden.com\/en\/wp-json\/wp\/v2\/categories?post=6837"},{"taxonomy":"post_tag","embeddable":true,"href":"https:\/\/www.wieden.com\/en\/wp-json\/wp\/v2\/tags?post=6837"}],"curies":[{"name":"wp","href":"https:\/\/api.w.org\/{rel}","templated":true}]}}